{"id":372,"date":"2020-04-14T13:31:37","date_gmt":"2020-04-14T13:31:37","guid":{"rendered":"https:\/\/www.lacaverneduyeti.fr\/pontoise-museum\/?p=372"},"modified":"2022-10-02T13:49:43","modified_gmt":"2022-10-02T13:49:43","slug":"alain-baptizet-1947-2018-cineaste-cavernes-pontoise","status":"publish","type":"post","link":"https:\/\/www.lacaverneduyeti.fr\/pontoise-museum\/alain-baptizet-1947-2018-cineaste-cavernes-pontoise\/","title":{"rendered":"Alain Baptizet (1947-2018), le \u00ab\u00a0cin\u00e9aste des cavernes\u00a0\u00bb est un jour pass\u00e9 par Pontoise&#8230;"},"content":{"rendered":"\n<p class=\"has-text-align-center\">Avant propos :<\/p>\n\n\n\n<p class=\"has-text-align-justify\">Cet article n\u2019est pas directement li\u00e9 \u00e0 Pontoise. C\u2019est une sorte d\u2019hommage personnel envers un r\u00e9alisateur qui a marqu\u00e9 mon adolescence et qui, avec J.Y. Cousteau, Haroun Tazieff, Michel Siffre ou encore <a href=\"https:\/\/fr.wikipedia.org\/wiki\/Christian_Zuber\" target=\"_blank\" rel=\"noopener noreferrer\">Christian Zuber<\/a> m&rsquo;ont profond\u00e9ment marqu\u00e9 et sont \u00e0 l&rsquo;origine de mes tr\u00e8s nombreuses passions&nbsp; (notamment celle du documentaire film\u00e9). Pour la forme, j\u2019ai tout de m\u00eame fait le lien avec Pontoise, \u00e0 travers l\u2019Ann\u00e9e Martel en 1997 et Jean-Luc Maire&#8230;<\/p>\n\n\n\n<figure class=\"wp-block-image aligncenter is-resized wp-image-376\"><img data-recalc-dims=\"1\" loading=\"lazy\" decoding=\"async\" data-attachment-id=\"376\" data-permalink=\"https:\/\/www.lacaverneduyeti.fr\/pontoise-museum\/alain-baptizet-1947-2018-cineaste-cavernes-pontoise\/2-95500-1997-09-21-jmartel-cine-alain-baptizet-cliche-alain-gautier\/\" data-orig-file=\"https:\/\/i0.wp.com\/www.lacaverneduyeti.fr\/wp-content\/uploads\/2020\/04\/2-95500-1997-09-21-JMartel-cine%CC%81-Alain-Baptizet-cliche%CC%81-Alain-Gautier.jpg?fit=910%2C1151&amp;ssl=1\" data-orig-size=\"910,1151\" data-comments-opened=\"1\" data-image-meta=\"{&quot;aperture&quot;:&quot;0&quot;,&quot;credit&quot;:&quot;&quot;,&quot;camera&quot;:&quot;&quot;,&quot;caption&quot;:&quot;&quot;,&quot;created_timestamp&quot;:&quot;0&quot;,&quot;copyright&quot;:&quot;&quot;,&quot;focal_length&quot;:&quot;0&quot;,&quot;iso&quot;:&quot;0&quot;,&quot;shutter_speed&quot;:&quot;0&quot;,&quot;title&quot;:&quot;&quot;,&quot;orientation&quot;:&quot;1&quot;}\" data-image-title=\"A. Baptizet 01\" data-image-description=\"\" data-image-caption=\"\" data-large-file=\"https:\/\/i0.wp.com\/www.lacaverneduyeti.fr\/wp-content\/uploads\/2020\/04\/2-95500-1997-09-21-JMartel-cine%CC%81-Alain-Baptizet-cliche%CC%81-Alain-Gautier.jpg?fit=810%2C1024&amp;ssl=1\" src=\"https:\/\/i0.wp.com\/www.lacaverneduyeti.fr\/wp-content\/uploads\/2020\/04\/2-95500-1997-09-21-JMartel-cine%CC%81-Alain-Baptizet-cliche%CC%81-Alain-Gautier.jpg?resize=627%2C793&#038;ssl=1\" alt=\"\" class=\"wp-image-376\" width=\"627\" height=\"793\" srcset=\"https:\/\/i0.wp.com\/www.lacaverneduyeti.fr\/wp-content\/uploads\/2020\/04\/2-95500-1997-09-21-JMartel-cine%CC%81-Alain-Baptizet-cliche%CC%81-Alain-Gautier.jpg?resize=810%2C1024&amp;ssl=1 810w, https:\/\/i0.wp.com\/www.lacaverneduyeti.fr\/wp-content\/uploads\/2020\/04\/2-95500-1997-09-21-JMartel-cine%CC%81-Alain-Baptizet-cliche%CC%81-Alain-Gautier.jpg?resize=237%2C300&amp;ssl=1 237w, https:\/\/i0.wp.com\/www.lacaverneduyeti.fr\/wp-content\/uploads\/2020\/04\/2-95500-1997-09-21-JMartel-cine%CC%81-Alain-Baptizet-cliche%CC%81-Alain-Gautier.jpg?resize=768%2C971&amp;ssl=1 768w, https:\/\/i0.wp.com\/www.lacaverneduyeti.fr\/wp-content\/uploads\/2020\/04\/2-95500-1997-09-21-JMartel-cine%CC%81-Alain-Baptizet-cliche%CC%81-Alain-Gautier.jpg?w=910&amp;ssl=1 910w\" sizes=\"auto, (max-width: 627px) 100vw, 627px\" \/><figcaption>Alain Baptizet devant la Cave des Moineaux \u00e0 Pontoise le 21\/09\/1997. Photographie : Alain Gautier. Archives du Clan Sp\u00e9l\u00e9o Pontoisien.<\/figcaption><\/figure>\n\n\n\n<p class=\"has-text-align-justify\">Le 30 octobre 2018, Alain Baptizet nous quitte en laissant derri\u00e8re lui pr\u00e8s de 300 films dont 38 sur la sp\u00e9l\u00e9ologie. Ce sp\u00e9l\u00e9ologue aguerri, instructeur \u00e0 l\u2019Ecole Fran\u00e7aise de Sp\u00e9l\u00e9ologie (EFS), tourne en 1969, son premier film amateur \u00ab Week-end sous terre \u00bb. Ce film en 8mm re\u00e7oit un bon accueil du public partout o\u00f9 il peut le projeter en Franche-Comt\u00e9. En 1974, il int\u00e8gre le r\u00e9seau <em>Connaissance du Monde<\/em> et pr\u00e9sente ses films \u00e0 l\u2019international. Certains documentaires ont \u00e9t\u00e9 diffus\u00e9s sur Antenne 2 dans l\u2019\u00e9mission <em>Carnets de l\u2019Aventure<\/em> et il a r\u00e9alis\u00e9 des sujets pour l\u2019\u00e9mission <em>Ushua\u00efa<\/em> de Nicolas Hulot.<\/p>\n\n\n\n<p class=\"has-text-align-justify\">Le cin\u00e9aste s\u2019inscrit avec brio dans la lign\u00e9e des grands r\u00e9alisateurs de documentaires en milieu extr\u00eame comme <a href=\"https:\/\/fr.wikipedia.org\/wiki\/Marcel_Ichac\" target=\"_blank\" rel=\"noopener noreferrer\">Marcel Ichac<\/a> (1909-1994) et <a href=\"https:\/\/fr.wikipedia.org\/wiki\/Jacques_Ertaud\" target=\"_blank\" rel=\"noopener noreferrer\">Jacques Ertaud<\/a> (1924-1995) dont le dernier t\u00e9l\u00e9film, <em>Les Allumettes<\/em> <em>Su\u00e9doises<\/em> (diffus\u00e9 en 1996 sur France 2), a \u00e9t\u00e9 en partie tourn\u00e9 \u00e0 Pontoise.<\/p>\n\n\n\n<figure class=\"wp-block-image aligncenter wp-image-382\"><img data-recalc-dims=\"1\" loading=\"lazy\" decoding=\"async\" width=\"600\" height=\"909\" data-attachment-id=\"382\" data-permalink=\"https:\/\/www.lacaverneduyeti.fr\/pontoise-museum\/alain-baptizet-1947-2018-cineaste-cavernes-pontoise\/j-ertaud-presse\/\" data-orig-file=\"https:\/\/i0.wp.com\/www.lacaverneduyeti.fr\/wp-content\/uploads\/2020\/04\/J.-Ertaud-presse.jpg?fit=600%2C909&amp;ssl=1\" data-orig-size=\"600,909\" data-comments-opened=\"1\" data-image-meta=\"{&quot;aperture&quot;:&quot;0&quot;,&quot;credit&quot;:&quot;&quot;,&quot;camera&quot;:&quot;&quot;,&quot;caption&quot;:&quot;&quot;,&quot;created_timestamp&quot;:&quot;0&quot;,&quot;copyright&quot;:&quot;&quot;,&quot;focal_length&quot;:&quot;0&quot;,&quot;iso&quot;:&quot;0&quot;,&quot;shutter_speed&quot;:&quot;0&quot;,&quot;title&quot;:&quot;&quot;,&quot;orientation&quot;:&quot;1&quot;}\" data-image-title=\"J. Ertaud presse\" data-image-description=\"\" data-image-caption=\"\" data-large-file=\"https:\/\/i0.wp.com\/www.lacaverneduyeti.fr\/wp-content\/uploads\/2020\/04\/J.-Ertaud-presse.jpg?fit=600%2C909&amp;ssl=1\" src=\"https:\/\/i0.wp.com\/www.lacaverneduyeti.fr\/wp-content\/uploads\/2020\/04\/J.-Ertaud-presse.jpg?resize=600%2C909&#038;ssl=1\" alt=\"\" class=\"wp-image-382\" srcset=\"https:\/\/i0.wp.com\/www.lacaverneduyeti.fr\/wp-content\/uploads\/2020\/04\/J.-Ertaud-presse.jpg?w=600&amp;ssl=1 600w, https:\/\/i0.wp.com\/www.lacaverneduyeti.fr\/wp-content\/uploads\/2020\/04\/J.-Ertaud-presse.jpg?resize=198%2C300&amp;ssl=1 198w\" sizes=\"auto, (max-width: 600px) 100vw, 600px\" \/><figcaption>Le Parisien, 29-30 juillet 1995.<\/figcaption><\/figure>\n\n\n\n<p class=\"has-text-align-justify\">En 1981, Alain Baptizet publie <em>Cin\u00e9aste des Cavernes<\/em> dont la postface est de Jacques Ertaud. Il y d\u00e9crit toutes les probl\u00e9matiques techniques mais surtout toute la volont\u00e9 et l\u2019\u00e9nergie qu\u2019il faut pour produire un film avec ce type de condition de tournage extr\u00eame.<\/p>\n\n\n\n<figure class=\"wp-block-image aligncenter wp-image-379 size-full\"><img data-recalc-dims=\"1\" loading=\"lazy\" decoding=\"async\" width=\"800\" height=\"964\" data-attachment-id=\"379\" data-permalink=\"https:\/\/www.lacaverneduyeti.fr\/pontoise-museum\/alain-baptizet-1947-2018-cineaste-cavernes-pontoise\/a-baptizet-3\/\" data-orig-file=\"https:\/\/i0.wp.com\/www.lacaverneduyeti.fr\/wp-content\/uploads\/2020\/04\/A.-Baptizet-3.jpg?fit=800%2C964&amp;ssl=1\" data-orig-size=\"800,964\" data-comments-opened=\"1\" data-image-meta=\"{&quot;aperture&quot;:&quot;0&quot;,&quot;credit&quot;:&quot;&quot;,&quot;camera&quot;:&quot;&quot;,&quot;caption&quot;:&quot;&quot;,&quot;created_timestamp&quot;:&quot;0&quot;,&quot;copyright&quot;:&quot;&quot;,&quot;focal_length&quot;:&quot;0&quot;,&quot;iso&quot;:&quot;0&quot;,&quot;shutter_speed&quot;:&quot;0&quot;,&quot;title&quot;:&quot;&quot;,&quot;orientation&quot;:&quot;1&quot;}\" data-image-title=\"A. Baptizet 3\" data-image-description=\"\" data-image-caption=\"\" data-large-file=\"https:\/\/i0.wp.com\/www.lacaverneduyeti.fr\/wp-content\/uploads\/2020\/04\/A.-Baptizet-3.jpg?fit=800%2C964&amp;ssl=1\" src=\"https:\/\/i0.wp.com\/www.lacaverneduyeti.fr\/wp-content\/uploads\/2020\/04\/A.-Baptizet-3.jpg?resize=800%2C964&#038;ssl=1\" alt=\"\" class=\"wp-image-379\" srcset=\"https:\/\/i0.wp.com\/www.lacaverneduyeti.fr\/wp-content\/uploads\/2020\/04\/A.-Baptizet-3.jpg?w=800&amp;ssl=1 800w, https:\/\/i0.wp.com\/www.lacaverneduyeti.fr\/wp-content\/uploads\/2020\/04\/A.-Baptizet-3.jpg?resize=249%2C300&amp;ssl=1 249w, https:\/\/i0.wp.com\/www.lacaverneduyeti.fr\/wp-content\/uploads\/2020\/04\/A.-Baptizet-3.jpg?resize=768%2C925&amp;ssl=1 768w\" sizes=\"auto, (max-width: 800px) 100vw, 800px\" \/><figcaption>Premi\u00e8re de couverture. Cin\u00e9aste des Cavernes, A. Baptizet, \u00e9diteur S.A.E.P., 1981.<\/figcaption><\/figure>\n\n\n\n<figure class=\"wp-block-image aligncenter wp-image-380 size-full\"><img data-recalc-dims=\"1\" loading=\"lazy\" decoding=\"async\" width=\"1000\" height=\"764\" data-attachment-id=\"380\" data-permalink=\"https:\/\/www.lacaverneduyeti.fr\/pontoise-museum\/alain-baptizet-1947-2018-cineaste-cavernes-pontoise\/a-baptizet-4\/\" data-orig-file=\"https:\/\/i0.wp.com\/www.lacaverneduyeti.fr\/wp-content\/uploads\/2020\/04\/A.-Baptizet-4.jpg?fit=1000%2C764&amp;ssl=1\" data-orig-size=\"1000,764\" data-comments-opened=\"1\" data-image-meta=\"{&quot;aperture&quot;:&quot;0&quot;,&quot;credit&quot;:&quot;&quot;,&quot;camera&quot;:&quot;&quot;,&quot;caption&quot;:&quot;&quot;,&quot;created_timestamp&quot;:&quot;0&quot;,&quot;copyright&quot;:&quot;&quot;,&quot;focal_length&quot;:&quot;0&quot;,&quot;iso&quot;:&quot;0&quot;,&quot;shutter_speed&quot;:&quot;0&quot;,&quot;title&quot;:&quot;&quot;,&quot;orientation&quot;:&quot;1&quot;}\" data-image-title=\"A. Baptizet 4\" data-image-description=\"\" data-image-caption=\"\" data-large-file=\"https:\/\/i0.wp.com\/www.lacaverneduyeti.fr\/wp-content\/uploads\/2020\/04\/A.-Baptizet-4.jpg?fit=1000%2C764&amp;ssl=1\" src=\"https:\/\/i0.wp.com\/www.lacaverneduyeti.fr\/wp-content\/uploads\/2020\/04\/A.-Baptizet-4.jpg?resize=1000%2C764&#038;ssl=1\" alt=\"\" class=\"wp-image-380\" srcset=\"https:\/\/i0.wp.com\/www.lacaverneduyeti.fr\/wp-content\/uploads\/2020\/04\/A.-Baptizet-4.jpg?w=1000&amp;ssl=1 1000w, https:\/\/i0.wp.com\/www.lacaverneduyeti.fr\/wp-content\/uploads\/2020\/04\/A.-Baptizet-4.jpg?resize=300%2C229&amp;ssl=1 300w, https:\/\/i0.wp.com\/www.lacaverneduyeti.fr\/wp-content\/uploads\/2020\/04\/A.-Baptizet-4.jpg?resize=768%2C587&amp;ssl=1 768w\" sizes=\"auto, (max-width: 1000px) 100vw, 1000px\" \/><figcaption>Conditions de tournage particuli\u00e8res en milieu souterrain avec une camera Path\u00e9 Webo 16mm. Extrait de Cin\u00e9aste des Cavernes, A. Baptizet, 1981.<\/figcaption><\/figure>\n\n\n\n<figure class=\"wp-block-image aligncenter wp-image-381 size-large\"><img data-recalc-dims=\"1\" loading=\"lazy\" decoding=\"async\" width=\"833\" height=\"1024\" data-attachment-id=\"381\" data-permalink=\"https:\/\/www.lacaverneduyeti.fr\/pontoise-museum\/alain-baptizet-1947-2018-cineaste-cavernes-pontoise\/a-baptizet\/\" data-orig-file=\"https:\/\/i0.wp.com\/www.lacaverneduyeti.fr\/wp-content\/uploads\/2020\/04\/A.-Baptizet.jpg?fit=1000%2C1229&amp;ssl=1\" data-orig-size=\"1000,1229\" data-comments-opened=\"1\" data-image-meta=\"{&quot;aperture&quot;:&quot;0&quot;,&quot;credit&quot;:&quot;&quot;,&quot;camera&quot;:&quot;&quot;,&quot;caption&quot;:&quot;&quot;,&quot;created_timestamp&quot;:&quot;0&quot;,&quot;copyright&quot;:&quot;&quot;,&quot;focal_length&quot;:&quot;0&quot;,&quot;iso&quot;:&quot;0&quot;,&quot;shutter_speed&quot;:&quot;0&quot;,&quot;title&quot;:&quot;&quot;,&quot;orientation&quot;:&quot;1&quot;}\" data-image-title=\"A. Baptizet\" data-image-description=\"\" data-image-caption=\"\" data-large-file=\"https:\/\/i0.wp.com\/www.lacaverneduyeti.fr\/wp-content\/uploads\/2020\/04\/A.-Baptizet.jpg?fit=833%2C1024&amp;ssl=1\" src=\"https:\/\/i0.wp.com\/www.lacaverneduyeti.fr\/wp-content\/uploads\/2020\/04\/A.-Baptizet.jpg?resize=833%2C1024&#038;ssl=1\" alt=\"\" class=\"wp-image-381\" srcset=\"https:\/\/i0.wp.com\/www.lacaverneduyeti.fr\/wp-content\/uploads\/2020\/04\/A.-Baptizet.jpg?resize=833%2C1024&amp;ssl=1 833w, https:\/\/i0.wp.com\/www.lacaverneduyeti.fr\/wp-content\/uploads\/2020\/04\/A.-Baptizet.jpg?resize=244%2C300&amp;ssl=1 244w, https:\/\/i0.wp.com\/www.lacaverneduyeti.fr\/wp-content\/uploads\/2020\/04\/A.-Baptizet.jpg?resize=768%2C944&amp;ssl=1 768w, https:\/\/i0.wp.com\/www.lacaverneduyeti.fr\/wp-content\/uploads\/2020\/04\/A.-Baptizet.jpg?w=1000&amp;ssl=1 1000w\" sizes=\"auto, (max-width: 833px) 100vw, 833px\" \/><figcaption>Le mat\u00e9riel non tropicalis\u00e9 souffre de l&rsquo;humidit\u00e9 mais aussi des sables et limons qui enrayent les parties m\u00e9caniques de la cam\u00e9ra. Ici, A. Baptizet utilise un tuba pour \u00e9viter la bu\u00e9e sur les objectifs. Photographie Josette Millet in Cin\u00e9aste des Cavernes, 1981.<\/figcaption><\/figure>\n\n\n\n<p class=\"has-text-align-justify\">Lors de l\u2019Ann\u00e9e Martel en 1997, celui que les sp\u00e9l\u00e9ologues surnomme \u00ab Bap\u2019s \u00bb est venu \u00e0 Pontoise pour projeter ses films sur la Place des Moineaux dans le cadre de la Journ\u00e9e Martel associ\u00e9e aux Journ\u00e9es du Patrimoine.<\/p>\n\n\n\n<figure class=\"wp-block-image aligncenter wp-image-377 size-full\"><img data-recalc-dims=\"1\" loading=\"lazy\" decoding=\"async\" width=\"1000\" height=\"675\" data-attachment-id=\"377\" data-permalink=\"https:\/\/www.lacaverneduyeti.fr\/pontoise-museum\/alain-baptizet-1947-2018-cineaste-cavernes-pontoise\/3-95500-1997-09-20-jmartel-cine-alain-baptizet-cliche-alain-gautier-002\/\" data-orig-file=\"https:\/\/i0.wp.com\/www.lacaverneduyeti.fr\/wp-content\/uploads\/2020\/04\/3-95500-1997-09-20-JMartel-cine%CC%81-Alain-Baptizet-cliche%CC%81-Alain-Gautier-002.jpg?fit=1000%2C675&amp;ssl=1\" data-orig-size=\"1000,675\" data-comments-opened=\"1\" data-image-meta=\"{&quot;aperture&quot;:&quot;0&quot;,&quot;credit&quot;:&quot;&quot;,&quot;camera&quot;:&quot;&quot;,&quot;caption&quot;:&quot;&quot;,&quot;created_timestamp&quot;:&quot;0&quot;,&quot;copyright&quot;:&quot;&quot;,&quot;focal_length&quot;:&quot;0&quot;,&quot;iso&quot;:&quot;0&quot;,&quot;shutter_speed&quot;:&quot;0&quot;,&quot;title&quot;:&quot;&quot;,&quot;orientation&quot;:&quot;1&quot;}\" data-image-title=\"3 95500-1997-09-20-JMartel-cine\u0301 Alain Baptizet-cliche\u0301 Alain Gautier-002\" data-image-description=\"\" data-image-caption=\"\" data-large-file=\"https:\/\/i0.wp.com\/www.lacaverneduyeti.fr\/wp-content\/uploads\/2020\/04\/3-95500-1997-09-20-JMartel-cine%CC%81-Alain-Baptizet-cliche%CC%81-Alain-Gautier-002.jpg?fit=1000%2C675&amp;ssl=1\" src=\"https:\/\/i0.wp.com\/www.lacaverneduyeti.fr\/wp-content\/uploads\/2020\/04\/3-95500-1997-09-20-JMartel-cine%CC%81-Alain-Baptizet-cliche%CC%81-Alain-Gautier-002.jpg?resize=1000%2C675&#038;ssl=1\" alt=\"\" class=\"wp-image-377\" srcset=\"https:\/\/i0.wp.com\/www.lacaverneduyeti.fr\/wp-content\/uploads\/2020\/04\/3-95500-1997-09-20-JMartel-cine%CC%81-Alain-Baptizet-cliche%CC%81-Alain-Gautier-002.jpg?w=1000&amp;ssl=1 1000w, https:\/\/i0.wp.com\/www.lacaverneduyeti.fr\/wp-content\/uploads\/2020\/04\/3-95500-1997-09-20-JMartel-cine%CC%81-Alain-Baptizet-cliche%CC%81-Alain-Gautier-002.jpg?resize=300%2C203&amp;ssl=1 300w, https:\/\/i0.wp.com\/www.lacaverneduyeti.fr\/wp-content\/uploads\/2020\/04\/3-95500-1997-09-20-JMartel-cine%CC%81-Alain-Baptizet-cliche%CC%81-Alain-Gautier-002.jpg?resize=768%2C518&amp;ssl=1 768w\" sizes=\"auto, (max-width: 1000px) 100vw, 1000px\" \/><figcaption>Alain Baptizet en pleine projection sur la Place des Moineaux \u00e0 Pontoise le 20\/09\/1997. Photographie: Alain Gautier. Archives du Clan Sp\u00e9l\u00e9o Pontoisien.<\/figcaption><\/figure>\n\n\n\n<p class=\"has-text-align-justify\">Il y a quelques ann\u00e9es, le Clan Sp\u00e9l\u00e9o Pontoisien avait en projet la constitution d\u2019une base de donn\u00e9es sp\u00e9l\u00e9ologique nomm\u00e9e \u00ab Base E.A. Martel \u00bb. Ce projet avort\u00e9 aurait centralis\u00e9 \u00e0 Pontoise les \u00e9crits, photographies et films venant&nbsp; de professionnels et d&rsquo;amateurs. Alain Baptizet avait alors donn\u00e9 un accord verbal de principe pour y d\u00e9poser une copie de ses films lorsque celle-ci serait mise en place.<\/p>\n\n\n\n<p>En m\u00e9moire de ce r\u00e9alisateur hors norme, je vous propose aujourd\u2019hui 4 de ses films :<\/p>\n\n\n\n<hr class=\"wp-block-separator has-alpha-channel-opacity\"\/>\n\n\n\n<p>20 000 lieues sous la terre (50 min) :<\/p>\n\n\n\n<p class=\"has-text-align-justify\">Panorama de curiosit\u00e9 souterraines, film\u00e9 sur plusieurs ann\u00e9es montrant plusieurs types de cavit\u00e9s, de sp\u00e9l\u00e9oth\u00e8mes, ainsi qu\u2019un aper\u00e7u de la faune cavernicole. Tourn\u00e9 dans de nombreuses cavit\u00e9s fran\u00e7aises et \u00e9trang\u00e8res, il montre un panorama des beaut\u00e9s du monde souterrain de mani\u00e8re accessible aux n\u00e9ophytes\u2026<\/p>\n\n\n\n<figure class=\"wp-block-embed is-type-video is-provider-youtube wp-block-embed-youtube wp-embed-aspect-4-3 wp-has-aspect-ratio\"><div class=\"wp-block-embed__wrapper\">\n<iframe loading=\"lazy\" title=\"20 000 lieues sous la terre - Alain Baptizet\" width=\"500\" height=\"375\" src=\"https:\/\/www.youtube.com\/embed\/PrNejOPEpGY?feature=oembed\" frameborder=\"0\" allow=\"accelerometer; autoplay; clipboard-write; encrypted-media; gyroscope; picture-in-picture; web-share\" referrerpolicy=\"strict-origin-when-cross-origin\" allowfullscreen><\/iframe>\n<\/div><\/figure>\n\n\n\n<hr class=\"wp-block-separator has-alpha-channel-opacity\"\/>\n\n\n\n<p>La conqu\u00eate des ab\u00eemes (50 min) :<\/p>\n\n\n\n<p class=\"has-text-align-justify\">Ce film retrace l\u2019histoire de l\u2019aventure sp\u00e9l\u00e9ologique de 1840 au milieu des ann\u00e9es 90 et rend hommage \u00e0 Edouard Alfred Martel, Norbert Casteret et tant d\u2019autres.<\/p>\n\n\n\n<figure class=\"wp-block-embed is-type-video is-provider-youtube wp-block-embed-youtube wp-embed-aspect-4-3 wp-has-aspect-ratio\"><div class=\"wp-block-embed__wrapper\">\n<iframe loading=\"lazy\" title=\"La conque\u0302te des abi\u0302mes - Alain Baptizet\" width=\"500\" height=\"375\" src=\"https:\/\/www.youtube.com\/embed\/wurls65P6Lk?start=2&#038;feature=oembed\" frameborder=\"0\" allow=\"accelerometer; autoplay; clipboard-write; encrypted-media; gyroscope; picture-in-picture; web-share\" referrerpolicy=\"strict-origin-when-cross-origin\" allowfullscreen><\/iframe>\n<\/div><\/figure>\n\n\n\n<hr class=\"wp-block-separator has-alpha-channel-opacity\"\/>\n\n\n\n<p>L&rsquo;\u00e9nigme du Frais-Puits (1991, 50 min) :<\/p>\n\n\n\n<p class=\"has-text-align-justify\">Film sur ce c\u00e9l\u00e8bre r\u00e9seau hydrologique souterrain situ\u00e9 pr\u00e8s de Vesoul. Pour ceux qui seront les plus attentifs, vous retrouverez une intervention de Jean-Luc Maire qui, lui aussi, nous a quitt\u00e9 en 2018.<\/p>\n\n\n\n<figure class=\"wp-block-embed is-type-video is-provider-youtube wp-block-embed-youtube wp-embed-aspect-4-3 wp-has-aspect-ratio\"><div class=\"wp-block-embed__wrapper\">\n<iframe loading=\"lazy\" title=\"L&#039;e\u0301nigme du Frais-Puits - Alain Baptizet\" width=\"500\" height=\"375\" src=\"https:\/\/www.youtube.com\/embed\/FYwQXy3aOOY?feature=oembed\" frameborder=\"0\" allow=\"accelerometer; autoplay; clipboard-write; encrypted-media; gyroscope; picture-in-picture; web-share\" referrerpolicy=\"strict-origin-when-cross-origin\" allowfullscreen><\/iframe>\n<\/div><\/figure>\n\n\n\n<hr class=\"wp-block-separator has-alpha-channel-opacity\"\/>\n\n\n\n<p>Un regard sur la France profonde (20 min) :<\/p>\n\n\n\n<p class=\"has-text-align-justify\">Attention, il faut avoir le c\u0153ur bien accroch\u00e9 pour regarder ce film qui traite de la pollution des cavit\u00e9s. Alain Baptizet montre tout et cela pousse \u00e0 r\u00e9fl\u00e9chir sur la pollution, le recyclage et la protection de l\u2019environnement en g\u00e9n\u00e9ral.<\/p>\n\n\n\n<figure class=\"wp-block-embed is-type-video is-provider-youtube wp-block-embed-youtube wp-embed-aspect-4-3 wp-has-aspect-ratio\"><div class=\"wp-block-embed__wrapper\">\n<iframe loading=\"lazy\" title=\"Un regard sur la France profonde - Alain Baptizet\" width=\"500\" height=\"375\" src=\"https:\/\/www.youtube.com\/embed\/MTbdyA2vcIM?feature=oembed\" frameborder=\"0\" allow=\"accelerometer; autoplay; clipboard-write; encrypted-media; gyroscope; picture-in-picture; web-share\" referrerpolicy=\"strict-origin-when-cross-origin\" allowfullscreen><\/iframe>\n<\/div><\/figure>\n\n\n\n<p>Dass\u00e9 Fabrice<\/p>\n\n\n\n<hr class=\"wp-block-separator has-alpha-channel-opacity\"\/>\n\n\n\n<p>Pour aller plus loin sur le documentaire sp\u00e9l\u00e9ologique film\u00e9 provenant du site <a href=\"https:\/\/www.persee.fr\/\" target=\"_blank\" rel=\"noopener noreferrer\">Pers\u00e9e<\/a> :<\/p>\n\n\n\n<figure class=\"wp-block-image aligncenter\"><a href=\"https:\/\/www.lacaverneduyeti.fr\/wp-content\/uploads\/2020\/04\/karst_0751-7688_2008_num_52_1_2636.pdf\" target=\"_blank\" rel=\"noopener noreferrer\"><img data-recalc-dims=\"1\" loading=\"lazy\" decoding=\"async\" width=\"368\" height=\"528\" data-attachment-id=\"386\" data-permalink=\"https:\/\/www.lacaverneduyeti.fr\/pontoise-museum\/alain-baptizet-1947-2018-cineaste-cavernes-pontoise\/karst_0751-7688_2008_num_52_1\/\" data-orig-file=\"https:\/\/i0.wp.com\/www.lacaverneduyeti.fr\/wp-content\/uploads\/2020\/04\/karst_0751-7688_2008_num_52_1.jpeg?fit=368%2C528&amp;ssl=1\" data-orig-size=\"368,528\" data-comments-opened=\"1\" data-image-meta=\"{&quot;aperture&quot;:&quot;0&quot;,&quot;credit&quot;:&quot;&quot;,&quot;camera&quot;:&quot;&quot;,&quot;caption&quot;:&quot;&quot;,&quot;created_timestamp&quot;:&quot;0&quot;,&quot;copyright&quot;:&quot;&quot;,&quot;focal_length&quot;:&quot;0&quot;,&quot;iso&quot;:&quot;0&quot;,&quot;shutter_speed&quot;:&quot;0&quot;,&quot;title&quot;:&quot;&quot;,&quot;orientation&quot;:&quot;0&quot;}\" data-image-title=\"Karstologia 52 &#8211; 2008 couv\" data-image-description=\"\" data-image-caption=\"\" data-large-file=\"https:\/\/i0.wp.com\/www.lacaverneduyeti.fr\/wp-content\/uploads\/2020\/04\/karst_0751-7688_2008_num_52_1.jpeg?fit=368%2C528&amp;ssl=1\" src=\"https:\/\/i0.wp.com\/www.lacaverneduyeti.fr\/wp-content\/uploads\/2020\/04\/karst_0751-7688_2008_num_52_1.jpeg?resize=368%2C528&#038;ssl=1\" alt=\"\" class=\"wp-image-386\" title=\"Cliquer sur l'image pour ouvrir le .Pdf\" srcset=\"https:\/\/i0.wp.com\/www.lacaverneduyeti.fr\/wp-content\/uploads\/2020\/04\/karst_0751-7688_2008_num_52_1.jpeg?w=368&amp;ssl=1 368w, https:\/\/i0.wp.com\/www.lacaverneduyeti.fr\/wp-content\/uploads\/2020\/04\/karst_0751-7688_2008_num_52_1.jpeg?resize=209%2C300&amp;ssl=1 209w\" sizes=\"auto, (max-width: 368px) 100vw, 368px\" \/><\/a><\/figure>\n","protected":false},"excerpt":{"rendered":"<p>Avant propos : Cet article n\u2019est pas directement li\u00e9 \u00e0 Pontoise. C\u2019est une sorte d\u2019hommage personnel envers un r\u00e9alisateur qui a marqu\u00e9 mon adolescence et qui, avec J.Y. Cousteau, Haroun Tazieff, Michel Siffre ou encore Christian Zuber m&rsquo;ont profond\u00e9ment marqu\u00e9 et sont \u00e0 l&rsquo;origine de mes tr\u00e8s nombreuses passions&nbsp; (notamment celle du documentaire film\u00e9). Pour [&hellip;]<\/p>\n","protected":false},"author":1,"featured_media":0,"comment_status":"open","ping_status":"closed","sticky":false,"template":"","format":"standard","meta":{"site-sidebar-layout":"default","site-content-layout":"","ast-site-content-layout":"default","site-content-style":"default","site-sidebar-style":"default","ast-global-header-display":"","ast-banner-title-visibility":"","ast-main-header-display":"","ast-hfb-above-header-display":"","ast-hfb-below-header-display":"","ast-hfb-mobile-header-display":"","site-post-title":"","ast-breadcrumbs-content":"","ast-featured-img":"","footer-sml-layout":"","ast-disable-related-posts":"","theme-transparent-header-meta":"","adv-header-id-meta":"","stick-header-meta":"","header-above-stick-meta":"","header-main-stick-meta":"","header-below-stick-meta":"","astra-migrate-meta-layouts":"default","ast-page-background-enabled":"default","ast-page-background-meta":{"desktop":{"background-color":"var(--ast-global-color-4)","background-image":"","background-repeat":"repeat","background-position":"center center","background-size":"auto","background-attachment":"scroll","background-type":"","background-media":"","overlay-type":"","overlay-color":"","overlay-opacity":"","overlay-gradient":""},"tablet":{"background-color":"","background-image":"","background-repeat":"repeat","background-position":"center center","background-size":"auto","background-attachment":"scroll","background-type":"","background-media":"","overlay-type":"","overlay-color":"","overlay-opacity":"","overlay-gradient":""},"mobile":{"background-color":"","background-image":"","background-repeat":"repeat","background-position":"center center","background-size":"auto","background-attachment":"scroll","background-type":"","background-media":"","overlay-type":"","overlay-color":"","overlay-opacity":"","overlay-gradient":""}},"ast-content-background-meta":{"desktop":{"background-color":"var(--ast-global-color-5)","background-image":"","background-repeat":"repeat","background-position":"center center","background-size":"auto","background-attachment":"scroll","background-type":"","background-media":"","overlay-type":"","overlay-color":"","overlay-opacity":"","overlay-gradient":""},"tablet":{"background-color":"var(--ast-global-color-5)","background-image":"","background-repeat":"repeat","background-position":"center center","background-size":"auto","background-attachment":"scroll","background-type":"","background-media":"","overlay-type":"","overlay-color":"","overlay-opacity":"","overlay-gradient":""},"mobile":{"background-color":"var(--ast-global-color-5)","background-image":"","background-repeat":"repeat","background-position":"center center","background-size":"auto","background-attachment":"scroll","background-type":"","background-media":"","overlay-type":"","overlay-color":"","overlay-opacity":"","overlay-gradient":""}},"_jetpack_memberships_contains_paid_content":false,"footnotes":""},"categories":[7,21],"tags":[],"class_list":["post-372","post","type-post","status-publish","format-standard","hentry","category-divers","category-speleologie"],"jetpack_featured_media_url":"","jetpack_sharing_enabled":true,"_links":{"self":[{"href":"https:\/\/www.lacaverneduyeti.fr\/pontoise-museum\/wp-json\/wp\/v2\/posts\/372","targetHints":{"allow":["GET"]}}],"collection":[{"href":"https:\/\/www.lacaverneduyeti.fr\/pontoise-museum\/wp-json\/wp\/v2\/posts"}],"about":[{"href":"https:\/\/www.lacaverneduyeti.fr\/pontoise-museum\/wp-json\/wp\/v2\/types\/post"}],"author":[{"embeddable":true,"href":"https:\/\/www.lacaverneduyeti.fr\/pontoise-museum\/wp-json\/wp\/v2\/users\/1"}],"replies":[{"embeddable":true,"href":"https:\/\/www.lacaverneduyeti.fr\/pontoise-museum\/wp-json\/wp\/v2\/comments?post=372"}],"version-history":[{"count":0,"href":"https:\/\/www.lacaverneduyeti.fr\/pontoise-museum\/wp-json\/wp\/v2\/posts\/372\/revisions"}],"wp:attachment":[{"href":"https:\/\/www.lacaverneduyeti.fr\/pontoise-museum\/wp-json\/wp\/v2\/media?parent=372"}],"wp:term":[{"taxonomy":"category","embeddable":true,"href":"https:\/\/www.lacaverneduyeti.fr\/pontoise-museum\/wp-json\/wp\/v2\/categories?post=372"},{"taxonomy":"post_tag","embeddable":true,"href":"https:\/\/www.lacaverneduyeti.fr\/pontoise-museum\/wp-json\/wp\/v2\/tags?post=372"}],"curies":[{"name":"wp","href":"https:\/\/api.w.org\/{rel}","templated":true}]}}